{"id":1446,"date":"2024-06-19T14:11:33","date_gmt":"2024-06-19T14:11:33","guid":{"rendered":"https:\/\/sae-mdee-but3-2024.tcvalence.fr\/lebonsensetlaseve\/?p=1446"},"modified":"2025-03-06T11:58:34","modified_gmt":"2025-03-06T10:58:34","slug":"notre-demarche","status":"publish","type":"post","link":"https:\/\/lebonsensetlaseve.fr\/index.php\/2024\/06\/19\/notre-demarche\/","title":{"rendered":"Notre D\u00e9marche"},"content":{"rendered":"\t\t<div data-elementor-type=\"wp-post\" data-elementor-id=\"1446\" class=\"elementor elementor-1446\">\n\t\t\t\t\t\t<section class=\"elementor-section elementor-top-section elementor-element elementor-element-63e46b15 elementor-section-content-middle elementor-section-boxed elementor-section-height-default elementor-section-height-default wpr-particle-no wpr-jarallax-no wpr-parallax-no wpr-sticky-section-no wpr-equal-height-no\" data-id=\"63e46b15\" data-element_type=\"section\" data-e-type=\"section\">\n\t\t\t\t\t\t<div class=\"elementor-container elementor-column-gap-default\">\n\t\t\t\t\t<div class=\"elementor-column elementor-col-100 elementor-top-column elementor-element elementor-element-57b868e1\" data-id=\"57b868e1\" data-element_type=\"column\" data-e-type=\"column\">\n\t\t\t<div class=\"elementor-widget-wrap elementor-element-populated\">\n\t\t\t\t\t\t<div class=\"elementor-element elementor-element-11ae907 elementor-widget elementor-widget-heading\" data-id=\"11ae907\" data-element_type=\"widget\" data-e-type=\"widget\" data-widget_type=\"heading.default\">\n\t\t\t\t<div class=\"elementor-widget-container\">\n\t\t\t\t\t<h1 class=\"elementor-heading-title elementor-size-default\">Notre d\u00e9marche<\/h1>\t\t\t\t<\/div>\n\t\t\t\t<\/div>\n\t\t\t\t<div class=\"elementor-element elementor-element-1cb9e490 elementor-widget elementor-widget-text-editor\" data-id=\"1cb9e490\" data-element_type=\"widget\" data-e-type=\"widget\" data-widget_type=\"text-editor.default\">\n\t\t\t\t<div class=\"elementor-widget-container\">\n\t\t\t\t\t\t\t\t\t<p>En d\u00e9cembre 2005, nous avons achet\u00e9 l\u2019H\u00f4tel des Voyageurs \u00e0 Montmiral pour le cadre. Eric est revenu \u00e0 sa premi\u00e8re passion, la cuisine.<\/p><p>Nous avons chang\u00e9 le nom en <strong>Auberge des Voyageurs<\/strong>, car nous souhaitions cr\u00e9er un lieu o\u00f9 les gens pourraient passer du temps, se ressourcer.<\/p><p>La suite est un apprentissage du travail en couple et un cheminement pour tenir le navire par vents et mar\u00e9es\u2026depuis 18 ans\u00a0\ud83d\ude0a<\/p>\t\t\t\t\t\t\t\t<\/div>\n\t\t\t\t<\/div>\n\t\t\t\t\t<\/div>\n\t\t<\/div>\n\t\t\t\t\t<\/div>\n\t\t<\/section>\n\t\t\t\t<section class=\"elementor-section elementor-top-section elementor-element elementor-element-a230fab elementor-section-boxed elementor-section-height-default elementor-section-height-default wpr-particle-no wpr-jarallax-no wpr-parallax-no wpr-sticky-section-no wpr-equal-height-no\" data-id=\"a230fab\" data-element_type=\"section\" data-e-type=\"section\">\n\t\t\t\t\t\t<div class=\"elementor-container elementor-column-gap-default\">\n\t\t\t\t\t<div class=\"elementor-column elementor-col-100 elementor-top-column elementor-element elementor-element-8af53e1\" data-id=\"8af53e1\" data-element_type=\"column\" data-e-type=\"column\">\n\t\t\t<div class=\"elementor-widget-wrap elementor-element-populated\">\n\t\t\t\t\t\t<div class=\"elementor-element elementor-element-9a421ac elementor-align-center elementor-widget elementor-widget-button\" data-id=\"9a421ac\" data-element_type=\"widget\" data-e-type=\"widget\" data-widget_type=\"button.default\">\n\t\t\t\t<div class=\"elementor-widget-container\">\n\t\t\t\t\t\t\t\t\t<div class=\"elementor-button-wrapper\">\n\t\t\t\t\t<a class=\"elementor-button elementor-button-link elementor-size-sm elementor-animation-grow\" href=\"http:\/\/lebonsensetlaseve.fr\/#produits\">\n\t\t\t\t\t\t<span class=\"elementor-button-content-wrapper\">\n\t\t\t\t\t\t\t\t\t<span class=\"elementor-button-text\">Nos produits v\u00e9g\u00e9taux<\/span>\n\t\t\t\t\t<\/span>\n\t\t\t\t\t<\/a>\n\t\t\t\t<\/div>\n\t\t\t\t\t\t\t\t<\/div>\n\t\t\t\t<\/div>\n\t\t\t\t<div class=\"elementor-element elementor-element-3ac8133 elementor-widget elementor-widget-image\" data-id=\"3ac8133\" data-element_type=\"widget\" data-e-type=\"widget\" data-widget_type=\"image.default\">\n\t\t\t\t<div class=\"elementor-widget-container\">\n\t\t\t\t\t\t\t\t\t\t\t\t\t\t\t<img decoding=\"async\" width=\"150\" height=\"150\" src=\"https:\/\/lebonsensetlaseve.fr\/wp-content\/uploads\/2024\/06\/Legumineuses-150x150.jpg\" class=\"attachment-thumbnail size-thumbnail wp-image-1452\" alt=\"\" srcset=\"https:\/\/lebonsensetlaseve.fr\/wp-content\/uploads\/2024\/06\/Legumineuses-150x150.jpg 150w, https:\/\/lebonsensetlaseve.fr\/wp-content\/uploads\/2024\/06\/Legumineuses-300x300.jpg 300w, https:\/\/lebonsensetlaseve.fr\/wp-content\/uploads\/2024\/06\/Legumineuses-100x100.jpg 100w\" sizes=\"(max-width: 150px) 100vw, 150px\" \/>\t\t\t\t\t\t\t\t\t\t\t\t\t\t\t<\/div>\n\t\t\t\t<\/div>\n\t\t\t\t\t<\/div>\n\t\t<\/div>\n\t\t\t\t\t<\/div>\n\t\t<\/section>\n\t\t\t\t<section class=\"elementor-section elementor-top-section elementor-element elementor-element-371f85f5 elementor-section-boxed elementor-section-height-default elementor-section-height-default wpr-particle-no wpr-jarallax-no wpr-parallax-no wpr-sticky-section-no wpr-equal-height-no\" data-id=\"371f85f5\" data-element_type=\"section\" data-e-type=\"section\">\n\t\t\t\t\t\t<div class=\"elementor-container elementor-column-gap-default\">\n\t\t\t\t\t<div class=\"elementor-column elementor-col-100 elementor-top-column elementor-element elementor-element-3a0f24ac\" data-id=\"3a0f24ac\" data-element_type=\"column\" data-e-type=\"column\">\n\t\t\t<div class=\"elementor-widget-wrap\">\n\t\t\t\t\t\t\t<\/div>\n\t\t<\/div>\n\t\t\t\t\t<\/div>\n\t\t<\/section>\n\t\t\t\t<section class=\"elementor-section elementor-top-section elementor-element elementor-element-64faac20 elementor-section-boxed elementor-section-height-default elementor-section-height-default wpr-particle-no wpr-jarallax-no wpr-parallax-no wpr-sticky-section-no wpr-equal-height-no\" data-id=\"64faac20\" data-element_type=\"section\" data-e-type=\"section\" data-settings=\"{&quot;background_background&quot;:&quot;classic&quot;,&quot;shape_divider_top&quot;:&quot;opacity-tilt&quot;,&quot;shape_divider_bottom&quot;:&quot;opacity-tilt&quot;}\">\n\t\t\t\t\t<div class=\"elementor-shape elementor-shape-top\" aria-hidden=\"true\" data-negative=\"false\">\n\t\t\t<svg xmlns=\"http:\/\/www.w3.org\/2000\/svg\" viewBox=\"0 0 2600 131.1\" preserveAspectRatio=\"none\">\n\t<path class=\"elementor-shape-fill\" d=\"M0 0L2600 0 2600 69.1 0 0z\"\/>\n\t<path class=\"elementor-shape-fill\" style=\"opacity:0.5\" d=\"M0 0L2600 0 2600 69.1 0 69.1z\"\/>\n\t<path class=\"elementor-shape-fill\" style=\"opacity:0.25\" d=\"M2600 0L0 0 0 130.1 2600 69.1z\"\/>\n<\/svg>\t\t<\/div>\n\t\t\t\t<div class=\"elementor-shape elementor-shape-bottom\" aria-hidden=\"true\" data-negative=\"false\">\n\t\t\t<svg xmlns=\"http:\/\/www.w3.org\/2000\/svg\" viewBox=\"0 0 2600 131.1\" preserveAspectRatio=\"none\">\n\t<path class=\"elementor-shape-fill\" d=\"M0 0L2600 0 2600 69.1 0 0z\"\/>\n\t<path class=\"elementor-shape-fill\" style=\"opacity:0.5\" d=\"M0 0L2600 0 2600 69.1 0 69.1z\"\/>\n\t<path class=\"elementor-shape-fill\" style=\"opacity:0.25\" d=\"M2600 0L0 0 0 130.1 2600 69.1z\"\/>\n<\/svg>\t\t<\/div>\n\t\t\t\t\t<div class=\"elementor-container elementor-column-gap-default\">\n\t\t\t\t\t<div class=\"elementor-column elementor-col-100 elementor-top-column elementor-element elementor-element-4f38ca0d\" data-id=\"4f38ca0d\" data-element_type=\"column\" data-e-type=\"column\">\n\t\t\t<div class=\"elementor-widget-wrap elementor-element-populated\">\n\t\t\t\t\t\t<div class=\"elementor-element elementor-element-2fe412e8 elementor-widget elementor-widget-heading\" data-id=\"2fe412e8\" data-element_type=\"widget\" data-e-type=\"widget\" data-widget_type=\"heading.default\">\n\t\t\t\t<div class=\"elementor-widget-container\">\n\t\t\t\t\t<h3 class=\"elementor-heading-title elementor-size-default\">Qu'est ce qui nous anime !<\/h3>\t\t\t\t<\/div>\n\t\t\t\t<\/div>\n\t\t\t\t<div class=\"elementor-element elementor-element-5b352035 elementor-widget elementor-widget-text-editor\" data-id=\"5b352035\" data-element_type=\"widget\" data-e-type=\"widget\" data-widget_type=\"text-editor.default\">\n\t\t\t\t<div class=\"elementor-widget-container\">\n\t\t\t\t\t\t\t\t\t<p>La p\u00e9riode COVID \u00e0 remis en question notre travail. Nous avons souhait\u00e9 \u00eatre plus proche de nos valeurs dans notre quotidien&#8230;et dans la restauration ton quotidien&#8230;c&rsquo;est le travail !<\/p><p>Nos r\u00e9flexions sur une alimentation plus r\u00e9siliente \u00e9conomiquement, socialement responsable et saine, nous a fait faire le pas vers une offre autour du v\u00e9g\u00e9tal \u00e0 l&rsquo;Auberge. Cela nous a sembl\u00e9 du bon sens !<\/p><p>Nous avons initi\u00e9 tout d&rsquo;abord un tournant vers la r\u00e9silience environnementale. Nous ne nous consid\u00e9rons pas comme des \u00e9cologistes, au sens politique typiquement fran\u00e7ais, mais la conscience \u00e9cologique nous semble du bon sens pour l&rsquo;avenir \u00e0 moyen terme. Le restaurant est donc labellis\u00e9 \u00ab\u00a0<a href=\"https:\/\/www.laclefverte.org\/etablissement\/22079\">La cl\u00e9 verte<\/a>\u00a0\u00bb depuis 2023 et coup de c\u0153ur du jury 2024, car le seul restaurant fran\u00e7ais bio et la cl\u00e9 verte&#8230;dans un tout petit village de la Dr\u00f4me des Collines ! Nous sommes aussi r\u00e9f\u00e9renc\u00e9s sur le Guide du Routard depuis 2011&#8230;.<\/p><p><strong>Le restaurant est labellis\u00e9 bio 75% depuis 2023.<\/strong><\/p>\t\t\t\t\t\t\t\t<\/div>\n\t\t\t\t<\/div>\n\t\t\t\t<div class=\"elementor-element elementor-element-41e3d9cb elementor-widget elementor-widget-heading\" data-id=\"41e3d9cb\" data-element_type=\"widget\" data-e-type=\"widget\" data-widget_type=\"heading.default\">\n\t\t\t\t<div class=\"elementor-widget-container\">\n\t\t\t\t\t<h3 class=\"elementor-heading-title elementor-size-default\">Inspiration<\/h3>\t\t\t\t<\/div>\n\t\t\t\t<\/div>\n\t\t\t\t<div class=\"elementor-element elementor-element-24111e12 elementor-widget elementor-widget-text-editor\" data-id=\"24111e12\" data-element_type=\"widget\" data-e-type=\"widget\" data-widget_type=\"text-editor.default\">\n\t\t\t\t<div class=\"elementor-widget-container\">\n\t\t\t\t\t\t\t\t\t<p>Je suis v\u00e9g\u00e9tarienne depuis 12 ans et en 2021, j&rsquo;ai partag\u00e9 \u00e0 mon \u00e9poux que je ne souhaitais plus servir de la chaire animale. J&rsquo;ai \u00e9mis que soit nous vendions l&rsquo;Auberge, soit nous devenions un restaurant v\u00e9g\u00e9tarien. Apr\u00e8s une r\u00e9flexion de 15 jours, Eric a accept\u00e9 le d\u00e9fi de revoir en profondeur sa cuisine. Le d\u00e9lai \u00e9tait de 15 mois pour tout changer. Nous avons, en premier lieu introduit 50% des entr\u00e9es et plats v\u00e9g\u00e9taliens. Puis en 2023 il n&rsquo;y avait plus qu&rsquo;un plat \u00ab\u00a0Omnivore Bienvenue\u00a0\u00bb. 2024 le restaurant est v\u00e9g\u00e9tarien \u00e0 100 % : Entr\u00e9e 100% v\u00e9g\u00e9tal, Plat 100% v\u00e9g\u00e9tal, Dessert 100% v\u00e9g\u00e9tarien.<\/p>\t\t\t\t\t\t\t\t<\/div>\n\t\t\t\t<\/div>\n\t\t\t\t\t<\/div>\n\t\t<\/div>\n\t\t\t\t\t<\/div>\n\t\t<\/section>\n\t\t\t\t<section class=\"elementor-section elementor-top-section elementor-element elementor-element-602e4556 elementor-section-boxed elementor-section-height-default elementor-section-height-default wpr-particle-no wpr-jarallax-no wpr-parallax-no wpr-sticky-section-no wpr-equal-height-no\" data-id=\"602e4556\" data-element_type=\"section\" data-e-type=\"section\">\n\t\t\t\t\t\t<div class=\"elementor-container elementor-column-gap-default\">\n\t\t\t\t\t<div class=\"elementor-column elementor-col-50 elementor-top-column elementor-element elementor-element-521dcffa\" data-id=\"521dcffa\" data-element_type=\"column\" data-e-type=\"column\">\n\t\t\t<div class=\"elementor-widget-wrap elementor-element-populated\">\n\t\t\t\t\t\t<div class=\"elementor-element elementor-element-27f83228 elementor-widget elementor-widget-text-editor\" data-id=\"27f83228\" data-element_type=\"widget\" data-e-type=\"widget\" data-widget_type=\"text-editor.default\">\n\t\t\t\t<div class=\"elementor-widget-container\">\n\t\t\t\t\t\t\t\t\t<div><p>Dans sa recherche de cuisine \u00ab\u00a0Autour du V\u00e9g\u00e9tal\u00a0\u00bb, Eric a utilis\u00e9 les prot\u00e9ines v\u00e9g\u00e9tales industrielles. Il est \u00e0 noter que n\u2019\u00e9tant pas lui-m\u00eame v\u00e9g\u00e9tarien, cela n&rsquo;a pas \u00e9t\u00e9 \u00e9vident pour lui, les produits utilis\u00e9s \u00e9taient &#8230;.industriels&#8230;., peu go\u00fbteux et avec des textures qui ne lui convenaient pas.<\/p><p>Il faut savoir aussi une autre chose sur Eric&#8230;il a des id\u00e9es quand il dort !<\/p><p>Un matin, il se l\u00e8ve t\u00f4t, tr\u00e8s t\u00f4t&#8230;et il me dit \u00ab\u00a0apr\u00e8s r\u00e9flexion, je vais fabriquer mes prot\u00e9ines v\u00e9g\u00e9tales !\u00a0\u00bb\u2026 Ainsi est n\u00e9 le concept et quelques 18 mois plus tard \u00ab\u00a0<strong>Le R\u00f4ti V\u00e9g\u00e9tal<\/strong>\u00a0\u00bb et sa gamme bio 100% v\u00e9g\u00e9tal \u00ab\u00a0<strong>Le Bon Sens &amp; la S\u00e8ve<\/strong>\u00ab\u00a0, qui fait partie du r\u00e9seau \u00ab\u00a0<strong>Start Up de Territoires<\/strong>\u00a0\u00bb \u00e0 travers la FAB\u2019T incubateur d\u2019entreprises de l\u2019\u00e9conomie social et solidaire cr\u00e9e par <strong>Valence Romans Agglo<\/strong> et le groupe <strong>Archer <\/strong>et du <strong>Cluster Bio Rh\u00f4ne-Alpes<\/strong><\/p><\/div>\t\t\t\t\t\t\t\t<\/div>\n\t\t\t\t<\/div>\n\t\t\t\t\t<\/div>\n\t\t<\/div>\n\t\t\t\t<div class=\"elementor-column elementor-col-50 elementor-top-column elementor-element elementor-element-4e84311f\" data-id=\"4e84311f\" data-element_type=\"column\" data-e-type=\"column\">\n\t\t\t<div class=\"elementor-widget-wrap elementor-element-populated\">\n\t\t\t\t\t\t<div class=\"elementor-element elementor-element-26516716 elementor-widget elementor-widget-image\" data-id=\"26516716\" data-element_type=\"widget\" data-e-type=\"widget\" data-widget_type=\"image.default\">\n\t\t\t\t<div class=\"elementor-widget-container\">\n\t\t\t\t\t\t\t\t\t\t\t\t\t\t\t<img fetchpriority=\"high\" decoding=\"async\" width=\"240\" height=\"300\" src=\"https:\/\/lebonsensetlaseve.fr\/wp-content\/uploads\/2024\/10\/DSC6442-240x300.jpg\" class=\"attachment-medium size-medium wp-image-1648\" alt=\"\" srcset=\"https:\/\/lebonsensetlaseve.fr\/wp-content\/uploads\/2024\/10\/DSC6442-240x300.jpg 240w, https:\/\/lebonsensetlaseve.fr\/wp-content\/uploads\/2024\/10\/DSC6442-1638x2048.jpg 1638w, https:\/\/lebonsensetlaseve.fr\/wp-content\/uploads\/2024\/10\/DSC6442-768x960.jpg 768w, https:\/\/lebonsensetlaseve.fr\/wp-content\/uploads\/2024\/10\/DSC6442-1229x1536.jpg 1229w, https:\/\/lebonsensetlaseve.fr\/wp-content\/uploads\/2024\/10\/DSC6442-600x750.jpg 600w, https:\/\/lebonsensetlaseve.fr\/wp-content\/uploads\/2024\/10\/DSC6442.jpg 2000w\" sizes=\"(max-width: 240px) 100vw, 240px\" \/>\t\t\t\t\t\t\t\t\t\t\t\t\t\t\t<\/div>\n\t\t\t\t<\/div>\n\t\t\t\t\t<\/div>\n\t\t<\/div>\n\t\t\t\t\t<\/div>\n\t\t<\/section>\n\t\t\t\t<section class=\"elementor-section elementor-top-section elementor-element elementor-element-f00286d elementor-section-boxed elementor-section-height-default elementor-section-height-default wpr-particle-no wpr-jarallax-no wpr-parallax-no wpr-sticky-section-no wpr-equal-height-no\" data-id=\"f00286d\" data-element_type=\"section\" data-e-type=\"section\">\n\t\t\t\t\t\t<div class=\"elementor-container elementor-column-gap-default\">\n\t\t\t\t\t<div class=\"elementor-column elementor-col-100 elementor-top-column elementor-element elementor-element-4f8570b\" data-id=\"4f8570b\" data-element_type=\"column\" data-e-type=\"column\">\n\t\t\t<div class=\"elementor-widget-wrap elementor-element-populated\">\n\t\t\t\t\t\t<div class=\"elementor-element elementor-element-90504a1 elementor-widget elementor-widget-text-editor\" data-id=\"90504a1\" data-element_type=\"widget\" data-e-type=\"widget\" data-widget_type=\"text-editor.default\">\n\t\t\t\t<div class=\"elementor-widget-container\">\n\t\t\t\t\t\t\t\t\t<h6>Notre strat\u00e9gie n\u2019est pas le march\u00e9 v\u00e9gan mais bien celui des omnivores, qui pour baisser leur consommation de prot\u00e9ines animales, par soucis de sant\u00e9 et de compr\u00e9hension des besoins de notre soci\u00e9t\u00e9 actuelle, doivent se voir offrir des produits bons aux sens organoleptiques et nutritionnels.<\/h6><h6>Soutenir l\u2019Agriculture Bio et Fran\u00e7aise est aussi tr\u00e8s important pour nous, 100% de nos mati\u00e8res premi\u00e8res sont \u2026. Agricoles et au plus possible locales, comme le pois chiche, les herbes aromatiques, les l\u00e9gumes, les pleurotes \u2026 et les noix de Montmiral, base de notre FOI\/GRAAL, tartinable aux Noix de Grenoble de Remy Dorier <strong>\ud83d\ude4f<\/strong><\/h6>\t\t\t\t\t\t\t\t<\/div>\n\t\t\t\t<\/div>\n\t\t\t\t\t<\/div>\n\t\t<\/div>\n\t\t\t\t\t<\/div>\n\t\t<\/section>\n\t\t\t\t<section class=\"elementor-section elementor-top-section elementor-element elementor-element-2ed83273 elementor-section-boxed elementor-section-height-default elementor-section-height-default wpr-particle-no wpr-jarallax-no wpr-parallax-no wpr-sticky-section-no wpr-equal-height-no\" data-id=\"2ed83273\" data-element_type=\"section\" data-e-type=\"section\">\n\t\t\t\t\t\t<div class=\"elementor-container elementor-column-gap-default\">\n\t\t\t\t\t<div class=\"elementor-column elementor-col-100 elementor-top-column elementor-element elementor-element-54072ca3\" data-id=\"54072ca3\" data-element_type=\"column\" data-e-type=\"column\">\n\t\t\t<div class=\"elementor-widget-wrap elementor-element-populated\">\n\t\t\t\t\t\t<div class=\"elementor-element elementor-element-32aae2da elementor-widget elementor-widget-heading\" data-id=\"32aae2da\" data-element_type=\"widget\" data-e-type=\"widget\" data-widget_type=\"heading.default\">\n\t\t\t\t<div class=\"elementor-widget-container\">\n\t\t\t\t\t<h3 class=\"elementor-heading-title elementor-size-default\"><span style=\"font-weight:normal\"><p dir=\"ltr\" style=\"line-height:1.2;margin-top:14pt;margin-bottom:14pt\"><span style=\"font-size: 18pt;, serif;background-color: transparent;vertical-align: baseline\">Notre place pr\u00e8s de l'agriculture fran\u00e7aise et europ\u00e9enne<\/span><\/p><\/span><\/h3>\t\t\t\t<\/div>\n\t\t\t\t<\/div>\n\t\t\t\t\t<\/div>\n\t\t<\/div>\n\t\t\t\t\t<\/div>\n\t\t<\/section>\n\t\t\t\t<section class=\"elementor-section elementor-top-section elementor-element elementor-element-57ff322b elementor-section-boxed elementor-section-height-default elementor-section-height-default wpr-particle-no wpr-jarallax-no wpr-parallax-no wpr-sticky-section-no wpr-equal-height-no\" data-id=\"57ff322b\" data-element_type=\"section\" data-e-type=\"section\">\n\t\t\t\t\t\t<div class=\"elementor-container elementor-column-gap-default\">\n\t\t\t\t\t<div class=\"elementor-column elementor-col-50 elementor-top-column elementor-element elementor-element-58587146\" data-id=\"58587146\" data-element_type=\"column\" data-e-type=\"column\">\n\t\t\t<div class=\"elementor-widget-wrap elementor-element-populated\">\n\t\t\t\t\t\t<div class=\"elementor-element elementor-element-61056177 elementor-widget elementor-widget-image\" data-id=\"61056177\" data-element_type=\"widget\" data-e-type=\"widget\" data-widget_type=\"image.default\">\n\t\t\t\t<div class=\"elementor-widget-container\">\n\t\t\t\t\t\t\t\t\t\t\t\t\t\t\t<img decoding=\"async\" width=\"1024\" height=\"576\" src=\"https:\/\/lebonsensetlaseve.fr\/wp-content\/uploads\/2024\/06\/pexels-nc-farm-bureau-mark-15875210-1024x576.webp\" class=\"attachment-large size-large wp-image-1139\" alt=\"\u00e9levage blog prot\u00e9ine v\u00e9g\u00e9tale\" srcset=\"https:\/\/lebonsensetlaseve.fr\/wp-content\/uploads\/2024\/06\/pexels-nc-farm-bureau-mark-15875210-1024x576.webp 1024w, https:\/\/lebonsensetlaseve.fr\/wp-content\/uploads\/2024\/06\/pexels-nc-farm-bureau-mark-15875210-300x169.webp 300w, https:\/\/lebonsensetlaseve.fr\/wp-content\/uploads\/2024\/06\/pexels-nc-farm-bureau-mark-15875210-768x432.webp 768w, https:\/\/lebonsensetlaseve.fr\/wp-content\/uploads\/2024\/06\/pexels-nc-farm-bureau-mark-15875210-1536x865.webp 1536w, https:\/\/lebonsensetlaseve.fr\/wp-content\/uploads\/2024\/06\/pexels-nc-farm-bureau-mark-15875210-2048x1153.webp 2048w\" sizes=\"(max-width: 1024px) 100vw, 1024px\" \/>\t\t\t\t\t\t\t\t\t\t\t\t\t\t\t<\/div>\n\t\t\t\t<\/div>\n\t\t\t\t\t<\/div>\n\t\t<\/div>\n\t\t\t\t<div class=\"elementor-column elementor-col-50 elementor-top-column elementor-element elementor-element-1e425884\" data-id=\"1e425884\" data-element_type=\"column\" data-e-type=\"column\">\n\t\t\t<div class=\"elementor-widget-wrap elementor-element-populated\">\n\t\t\t\t\t\t<div class=\"elementor-element elementor-element-e06237e elementor-widget elementor-widget-text-editor\" data-id=\"e06237e\" data-element_type=\"widget\" data-e-type=\"widget\" data-widget_type=\"text-editor.default\">\n\t\t\t\t<div class=\"elementor-widget-container\">\n\t\t\t\t\t\t\t\t\t<div style=\"color: #7a7a7a; font-family: Roboto, sans-serif;\"><p>36% des <strong>exploitations agricoles fran\u00e7aises<\/strong> sont r\u00e9f\u00e9renc\u00e9es comme \u00e9leveurs et 50% de celles-ci produisent de la viande animale pour la consommation humaine (INSEE).<\/p><p>Donc notre consommation de <strong>prot\u00e9ines v\u00e9g\u00e9tales<\/strong>, ne met pas en p\u00e9ril l\u2019agriculture fran\u00e7aise, bien au contraire, c\u2019est la consommation de viande d\u2019exportation qui fragilise nos \u00e9leveurs, en tant que <strong>consommateur final<\/strong>, vous et moi, nous devons nous mobiliser pour <strong>consommer local et de qualit\u00e9<\/strong> !<\/p><p>Choisir de consommer une alimentation produite <strong>en conscience<\/strong> et <strong>respect du vivant<\/strong> est primordiale pour notre Sant\u00e9. Les tendances actuelles\u00a0 qui mettent l&rsquo;argument \u00e9conomique en avant sont dysfonctionnelles&#8230;\u00a0\u00bbTu choisis le moins cher, pas le meilleur pour TOI&#8230;\u00a0\u00bb \ud83d\ude41<\/p><p>Vivre dans un pays riche est un <strong>privil\u00e8ge<\/strong>&#8230;. nos <strong>actes<\/strong> conditionnent notre <strong>avenir<\/strong> et celui de nos <strong>enfants<\/strong>.<\/p><\/div>\t\t\t\t\t\t\t\t<\/div>\n\t\t\t\t<\/div>\n\t\t\t\t\t<\/div>\n\t\t<\/div>\n\t\t\t\t\t<\/div>\n\t\t<\/section>\n\t\t\t\t<section class=\"elementor-section elementor-top-section elementor-element elementor-element-7be302df elementor-section-boxed elementor-section-height-default elementor-section-height-default wpr-particle-no wpr-jarallax-no wpr-parallax-no wpr-sticky-section-no wpr-equal-height-no\" data-id=\"7be302df\" data-element_type=\"section\" data-e-type=\"section\">\n\t\t\t\t\t\t<div class=\"elementor-container elementor-column-gap-default\">\n\t\t\t\t\t<div class=\"elementor-column elementor-col-50 elementor-top-column elementor-element elementor-element-47dfcd76\" data-id=\"47dfcd76\" data-element_type=\"column\" data-e-type=\"column\">\n\t\t\t<div class=\"elementor-widget-wrap elementor-element-populated\">\n\t\t\t\t\t\t<div class=\"elementor-element elementor-element-16bc5da2 elementor-widget elementor-widget-text-editor\" data-id=\"16bc5da2\" data-element_type=\"widget\" data-e-type=\"widget\" data-widget_type=\"text-editor.default\">\n\t\t\t\t<div class=\"elementor-widget-container\">\n\t\t\t\t\t\t\t\t\t<p>Aujourd\u2019hui, nous sommes fi\u00e8res de nos r\u00e9alisations et nous travaillons aux suivantes.<\/p><p>Pour <strong>Le Bon Sens &amp; la S\u00e8ve<\/strong> Nous sommes r\u00e9f\u00e9renc\u00e9s chez <strong>Naturalia, Biocoop<\/strong> comme fournisseur local, fournisseur du <strong>GRAP<\/strong>, et de quelques \u00e9piceries ind\u00e9pendantes \u00e0 <strong>Les Locaux du Bocal <\/strong>Saint Vallier, Saint Jean de Muzols, <strong>Ferme Maubourg<\/strong> \u00e0 Valence et aussi sur le bassin Lyonnais.<\/p><p>Sandrine Dubessy &amp; Eric Verriez<\/p>\t\t\t\t\t\t\t\t<\/div>\n\t\t\t\t<\/div>\n\t\t\t\t\t<\/div>\n\t\t<\/div>\n\t\t\t\t<div class=\"elementor-column elementor-col-50 elementor-top-column elementor-element elementor-element-7304ee4f\" data-id=\"7304ee4f\" data-element_type=\"column\" data-e-type=\"column\">\n\t\t\t<div class=\"elementor-widget-wrap elementor-element-populated\">\n\t\t\t\t\t\t<div class=\"elementor-element elementor-element-70bb719 elementor-widget elementor-widget-image\" data-id=\"70bb719\" data-element_type=\"widget\" data-e-type=\"widget\" data-widget_type=\"image.default\">\n\t\t\t\t<div class=\"elementor-widget-container\">\n\t\t\t\t\t\t\t\t\t\t\t\t\t\t\t<img loading=\"lazy\" decoding=\"async\" width=\"300\" height=\"300\" src=\"https:\/\/lebonsensetlaseve.fr\/wp-content\/uploads\/2024\/05\/Design-sans-titre-3-300x300.png\" class=\"attachment-medium size-medium wp-image-150\" alt=\"Photo \u00e9picerie\" srcset=\"https:\/\/lebonsensetlaseve.fr\/wp-content\/uploads\/2024\/05\/Design-sans-titre-3-300x300.png 300w, https:\/\/lebonsensetlaseve.fr\/wp-content\/uploads\/2024\/05\/Design-sans-titre-3-1024x1024.png 1024w, https:\/\/lebonsensetlaseve.fr\/wp-content\/uploads\/2024\/05\/Design-sans-titre-3-150x150.png 150w, https:\/\/lebonsensetlaseve.fr\/wp-content\/uploads\/2024\/05\/Design-sans-titre-3-768x768.png 768w, https:\/\/lebonsensetlaseve.fr\/wp-content\/uploads\/2024\/05\/Design-sans-titre-3-980x980.png 980w, https:\/\/lebonsensetlaseve.fr\/wp-content\/uploads\/2024\/05\/Design-sans-titre-3-480x480.png 480w, https:\/\/lebonsensetlaseve.fr\/wp-content\/uploads\/2024\/05\/Design-sans-titre-3.png 1080w\" sizes=\"(max-width: 300px) 100vw, 300px\" \/>\t\t\t\t\t\t\t\t\t\t\t\t\t\t\t<\/div>\n\t\t\t\t<\/div>\n\t\t\t\t\t<\/div>\n\t\t<\/div>\n\t\t\t\t\t<\/div>\n\t\t<\/section>\n\t\t\t\t<\/div>\n\t\t","protected":false},"excerpt":{"rendered":"<p>Notre d\u00e9marche En d\u00e9cembre 2005, nous avons achet\u00e9 l\u2019H\u00f4tel des Voyageurs \u00e0 Montmiral pour le cadre. Eric est revenu \u00e0 sa premi\u00e8re passion, la cuisine. Nous avons chang\u00e9 le nom en Auberge des Voyageurs, car nous souhaitions cr\u00e9er un lieu o\u00f9 les gens pourraient passer du temps, se ressourcer. La suite est un apprentissage du travail en couple et un cheminement pour tenir le navire par vents et mar\u00e9es\u2026depuis 18 ans\u00a0\ud83d\ude0a Nos produits v\u00e9g\u00e9taux Qu&rsquo;est ce qui nous anime ! La p\u00e9riode COVID \u00e0 remis en question notre travail. Nous avons souhait\u00e9 \u00eatre plus proche de nos valeurs dans notre quotidien&#8230;et dans la restauration ton quotidien&#8230;c&rsquo;est le travail ! Nos r\u00e9flexions sur une alimentation plus r\u00e9siliente \u00e9conomiquement, socialement responsable et saine, nous a fait faire le pas vers une offre autour du v\u00e9g\u00e9tal \u00e0 l&rsquo;Auberge. Cela nous a sembl\u00e9 du bon sens ! Nous avons initi\u00e9 tout d&rsquo;abord un tournant vers la r\u00e9silience environnementale. Nous ne nous consid\u00e9rons pas comme des \u00e9cologistes, au sens politique typiquement fran\u00e7ais, mais la conscience \u00e9cologique nous semble du bon sens pour l&rsquo;avenir \u00e0 moyen terme. Le restaurant est donc labellis\u00e9 \u00ab\u00a0La cl\u00e9 verte\u00a0\u00bb depuis 2023 et coup de c\u0153ur du jury 2024, car le seul restaurant fran\u00e7ais bio et la cl\u00e9 verte&#8230;dans un tout petit village de la Dr\u00f4me des Collines ! Nous sommes aussi r\u00e9f\u00e9renc\u00e9s sur le Guide du Routard depuis 2011&#8230;. Le restaurant est labellis\u00e9 bio 75% depuis 2023. Inspiration Je suis v\u00e9g\u00e9tarienne depuis 12 ans et en 2021, j&rsquo;ai partag\u00e9 \u00e0 mon \u00e9poux que je ne souhaitais plus servir de la chaire animale. J&rsquo;ai \u00e9mis que soit nous vendions l&rsquo;Auberge, soit nous devenions un restaurant v\u00e9g\u00e9tarien. Apr\u00e8s une r\u00e9flexion de 15 jours, Eric a accept\u00e9 le d\u00e9fi de revoir en profondeur sa cuisine. Le d\u00e9lai \u00e9tait de 15 mois pour tout changer. Nous avons, en premier lieu introduit 50% des entr\u00e9es et plats v\u00e9g\u00e9taliens. Puis en 2023 il n&rsquo;y avait plus qu&rsquo;un plat \u00ab\u00a0Omnivore Bienvenue\u00a0\u00bb. 2024 le restaurant est v\u00e9g\u00e9tarien \u00e0 100 % : Entr\u00e9e 100% v\u00e9g\u00e9tal, Plat 100% v\u00e9g\u00e9tal, Dessert 100% v\u00e9g\u00e9tarien. Dans sa recherche de cuisine \u00ab\u00a0Autour du V\u00e9g\u00e9tal\u00a0\u00bb, Eric a utilis\u00e9 les prot\u00e9ines v\u00e9g\u00e9tales industrielles. Il est \u00e0 noter que n\u2019\u00e9tant pas lui-m\u00eame v\u00e9g\u00e9tarien, cela n&rsquo;a pas \u00e9t\u00e9 \u00e9vident pour lui, les produits utilis\u00e9s \u00e9taient &#8230;.industriels&#8230;., peu go\u00fbteux et avec des textures qui ne lui convenaient pas. Il faut savoir aussi une autre chose sur Eric&#8230;il a des id\u00e9es quand il dort ! Un matin, il se l\u00e8ve t\u00f4t, tr\u00e8s t\u00f4t&#8230;et il me dit \u00ab\u00a0apr\u00e8s r\u00e9flexion, je vais fabriquer mes prot\u00e9ines v\u00e9g\u00e9tales !\u00a0\u00bb\u2026 Ainsi est n\u00e9 le concept et quelques 18 mois plus tard \u00ab\u00a0Le R\u00f4ti V\u00e9g\u00e9tal\u00a0\u00bb et sa gamme bio 100% v\u00e9g\u00e9tal \u00ab\u00a0Le Bon Sens &amp; la S\u00e8ve\u00ab\u00a0, qui fait partie du r\u00e9seau \u00ab\u00a0Start Up de Territoires\u00a0\u00bb \u00e0 travers la FAB\u2019T incubateur d\u2019entreprises de l\u2019\u00e9conomie social et solidaire cr\u00e9e par Valence Romans Agglo et le groupe Archer et du Cluster Bio Rh\u00f4ne-Alpes Notre strat\u00e9gie n\u2019est pas le march\u00e9 v\u00e9gan mais bien celui des omnivores, qui pour baisser leur consommation de prot\u00e9ines animales, par soucis de sant\u00e9 et de compr\u00e9hension des besoins de notre soci\u00e9t\u00e9 actuelle, doivent se voir offrir des produits bons aux sens organoleptiques et nutritionnels. Soutenir l\u2019Agriculture Bio et Fran\u00e7aise est aussi tr\u00e8s important pour nous, 100% de nos mati\u00e8res premi\u00e8res sont \u2026. Agricoles et au plus possible locales, comme le pois chiche, les herbes aromatiques, les l\u00e9gumes, les pleurotes \u2026 et les noix de Montmiral, base de notre FOI\/GRAAL, tartinable aux Noix de Grenoble de Remy Dorier \ud83d\ude4f Notre place pr\u00e8s de l&rsquo;agriculture fran\u00e7aise et europ\u00e9enne 36% des exploitations agricoles fran\u00e7aises sont r\u00e9f\u00e9renc\u00e9es comme \u00e9leveurs et 50% de celles-ci produisent de la viande animale pour la consommation humaine (INSEE). Donc notre consommation de prot\u00e9ines v\u00e9g\u00e9tales, ne met pas en p\u00e9ril l\u2019agriculture fran\u00e7aise, bien au contraire, c\u2019est la consommation de viande d\u2019exportation qui fragilise nos \u00e9leveurs, en tant que consommateur final, vous et moi, nous devons nous mobiliser pour consommer local et de qualit\u00e9 ! Choisir de consommer une alimentation produite en conscience et respect du vivant est primordiale pour notre Sant\u00e9. Les tendances actuelles\u00a0 qui mettent l&rsquo;argument \u00e9conomique en avant sont dysfonctionnelles&#8230;\u00a0\u00bbTu choisis le moins cher, pas le meilleur pour TOI&#8230;\u00a0\u00bb \ud83d\ude41 Vivre dans un pays riche est un privil\u00e8ge&#8230;. nos actes conditionnent notre avenir et celui de nos enfants. Aujourd\u2019hui, nous sommes fi\u00e8res de nos r\u00e9alisations et nous travaillons aux suivantes. Pour Le Bon Sens &amp; la S\u00e8ve Nous sommes r\u00e9f\u00e9renc\u00e9s chez Naturalia, Biocoop comme fournisseur local, fournisseur du GRAP, et de quelques \u00e9piceries ind\u00e9pendantes \u00e0 Les Locaux du Bocal Saint Vallier, Saint Jean de Muzols, Ferme Maubourg \u00e0 Valence et aussi sur le bassin Lyonnais. Sandrine Dubessy &amp; Eric Verriez<\/p>\n","protected":false},"author":2,"featured_media":1136,"comment_status":"closed","ping_status":"open","sticky":false,"template":"","format":"standard","meta":{"site-sidebar-layout":"default","site-content-layout":"","ast-site-content-layout":"default","site-content-style":"default","site-sidebar-style":"default","ast-global-header-display":"","ast-banner-title-visibility":"","ast-main-header-display":"","ast-hfb-above-header-display":"","ast-hfb-below-header-display":"","ast-hfb-mobile-header-display":"","site-post-title":"","ast-breadcrumbs-content":"","ast-featured-img":"","footer-sml-layout":"","ast-disable-related-posts":"","theme-transparent-header-meta":"","adv-header-id-meta":"","stick-header-meta":"","header-above-stick-meta":"","header-main-stick-meta":"","header-below-stick-meta":"","astra-migrate-meta-layouts":"default","ast-page-background-enabled":"default","ast-page-background-meta":{"desktop":{"background-color":"var(--ast-global-color-4)","background-image":"","background-repeat":"repeat","background-position":"center center","background-size":"auto","background-attachment":"scroll","background-type":"","background-media":"","overlay-type":"","overlay-color":"","overlay-opacity":"","overlay-gradient":""},"tablet":{"background-color":"","background-image":"","background-repeat":"repeat","background-position":"center center","background-size":"auto","background-attachment":"scroll","background-type":"","background-media":"","overlay-type":"","overlay-color":"","overlay-opacity":"","overlay-gradient":""},"mobile":{"background-color":"","background-image":"","background-repeat":"repeat","background-position":"center center","background-size":"auto","background-attachment":"scroll","background-type":"","background-media":"","overlay-type":"","overlay-color":"","overlay-opacity":"","overlay-gradient":""}},"ast-content-background-meta":{"desktop":{"background-color":"var(--ast-global-color-5)","background-image":"","background-repeat":"repeat","background-position":"center center","background-size":"auto","background-attachment":"scroll","background-type":"","background-media":"","overlay-type":"","overlay-color":"","overlay-opacity":"","overlay-gradient":""},"tablet":{"background-color":"var(--ast-global-color-5)","background-image":"","background-repeat":"repeat","background-position":"center center","background-size":"auto","background-attachment":"scroll","background-type":"","background-media":"","overlay-type":"","overlay-color":"","overlay-opacity":"","overlay-gradient":""},"mobile":{"background-color":"var(--ast-global-color-5)","background-image":"","background-repeat":"repeat","background-position":"center center","background-size":"auto","background-attachment":"scroll","background-type":"","background-media":"","overlay-type":"","overlay-color":"","overlay-opacity":"","overlay-gradient":""}},"footnotes":""},"categories":[1],"tags":[],"class_list":["post-1446","post","type-post","status-publish","format-standard","has-post-thumbnail","hentry","category-uncategorized"],"yoast_head":"<!-- This site is optimized with the Yoast SEO plugin v27.5 - https:\/\/yoast.com\/product\/yoast-seo-wordpress\/ -->\n<title>Notre D\u00e9marche - Le Bon Sens et La S\u00e8ve<\/title>\n<meta name=\"description\" content=\"La prot\u00e9ine v\u00e9g\u00e9tale est une une composante essentielle d\u2019une alimentation \u00e9quilibr\u00e9e et une excellente alternative aux prot\u00e9ines animales\" \/>\n<meta name=\"robots\" content=\"index, follow, max-snippet:-1, max-image-preview:large, max-video-preview:-1\" \/>\n<link rel=\"canonical\" href=\"https:\/\/lebonsensetlaseve.fr\/index.php\/2024\/06\/19\/notre-demarche\/\" \/>\n<meta property=\"og:locale\" content=\"fr_FR\" \/>\n<meta property=\"og:type\" content=\"article\" \/>\n<meta property=\"og:title\" content=\"Notre D\u00e9marche - Le Bon Sens et La S\u00e8ve\" \/>\n<meta property=\"og:description\" content=\"La prot\u00e9ine v\u00e9g\u00e9tale est une une composante essentielle d\u2019une alimentation \u00e9quilibr\u00e9e et une excellente alternative aux prot\u00e9ines animales\" \/>\n<meta property=\"og:url\" content=\"https:\/\/lebonsensetlaseve.fr\/index.php\/2024\/06\/19\/notre-demarche\/\" \/>\n<meta property=\"og:site_name\" content=\"Le Bon Sens et La S\u00e8ve\" \/>\n<meta property=\"article:published_time\" content=\"2024-06-19T14:11:33+00:00\" \/>\n<meta property=\"article:modified_time\" content=\"2025-03-06T10:58:34+00:00\" \/>\n<meta property=\"og:image\" content=\"http:\/\/lebonsensetlaseve.fr\/wp-content\/uploads\/2024\/06\/Legumineuses-_-vegetaux-1.webp\" \/>\n\t<meta property=\"og:image:width\" content=\"1890\" \/>\n\t<meta property=\"og:image:height\" content=\"1260\" \/>\n\t<meta property=\"og:image:type\" content=\"image\/webp\" \/>\n<meta name=\"author\" content=\"Sandrine Dubessy\" \/>\n<meta name=\"twitter:card\" content=\"summary_large_image\" \/>\n<meta name=\"twitter:label1\" content=\"\u00c9crit par\" \/>\n\t<meta name=\"twitter:data1\" content=\"Sandrine Dubessy\" \/>\n\t<meta name=\"twitter:label2\" content=\"Dur\u00e9e de lecture estim\u00e9e\" \/>\n\t<meta name=\"twitter:data2\" content=\"5 minutes\" \/>\n<script type=\"application\/ld+json\" class=\"yoast-schema-graph\">{\"@context\":\"https:\\\/\\\/schema.org\",\"@graph\":[{\"@type\":\"Article\",\"@id\":\"https:\\\/\\\/lebonsensetlaseve.fr\\\/index.php\\\/2024\\\/06\\\/19\\\/notre-demarche\\\/#article\",\"isPartOf\":{\"@id\":\"https:\\\/\\\/lebonsensetlaseve.fr\\\/index.php\\\/2024\\\/06\\\/19\\\/notre-demarche\\\/\"},\"author\":{\"name\":\"Sandrine Dubessy\",\"@id\":\"https:\\\/\\\/lebonsensetlaseve.fr\\\/#\\\/schema\\\/person\\\/b5f196bed2d7f97e8e470389310700ea\"},\"headline\":\"Notre D\u00e9marche\",\"datePublished\":\"2024-06-19T14:11:33+00:00\",\"dateModified\":\"2025-03-06T10:58:34+00:00\",\"mainEntityOfPage\":{\"@id\":\"https:\\\/\\\/lebonsensetlaseve.fr\\\/index.php\\\/2024\\\/06\\\/19\\\/notre-demarche\\\/\"},\"wordCount\":868,\"publisher\":{\"@id\":\"https:\\\/\\\/lebonsensetlaseve.fr\\\/#organization\"},\"image\":{\"@id\":\"https:\\\/\\\/lebonsensetlaseve.fr\\\/index.php\\\/2024\\\/06\\\/19\\\/notre-demarche\\\/#primaryimage\"},\"thumbnailUrl\":\"https:\\\/\\\/lebonsensetlaseve.fr\\\/wp-content\\\/uploads\\\/2024\\\/06\\\/Legumineuses-_-vegetaux-1.webp\",\"articleSection\":[\"Uncategorized\"],\"inLanguage\":\"fr-FR\"},{\"@type\":\"WebPage\",\"@id\":\"https:\\\/\\\/lebonsensetlaseve.fr\\\/index.php\\\/2024\\\/06\\\/19\\\/notre-demarche\\\/\",\"url\":\"https:\\\/\\\/lebonsensetlaseve.fr\\\/index.php\\\/2024\\\/06\\\/19\\\/notre-demarche\\\/\",\"name\":\"Notre D\u00e9marche - Le Bon Sens et La S\u00e8ve\",\"isPartOf\":{\"@id\":\"https:\\\/\\\/lebonsensetlaseve.fr\\\/#website\"},\"primaryImageOfPage\":{\"@id\":\"https:\\\/\\\/lebonsensetlaseve.fr\\\/index.php\\\/2024\\\/06\\\/19\\\/notre-demarche\\\/#primaryimage\"},\"image\":{\"@id\":\"https:\\\/\\\/lebonsensetlaseve.fr\\\/index.php\\\/2024\\\/06\\\/19\\\/notre-demarche\\\/#primaryimage\"},\"thumbnailUrl\":\"https:\\\/\\\/lebonsensetlaseve.fr\\\/wp-content\\\/uploads\\\/2024\\\/06\\\/Legumineuses-_-vegetaux-1.webp\",\"datePublished\":\"2024-06-19T14:11:33+00:00\",\"dateModified\":\"2025-03-06T10:58:34+00:00\",\"description\":\"La prot\u00e9ine v\u00e9g\u00e9tale est une une composante essentielle d\u2019une alimentation \u00e9quilibr\u00e9e et une excellente alternative aux prot\u00e9ines animales\",\"breadcrumb\":{\"@id\":\"https:\\\/\\\/lebonsensetlaseve.fr\\\/index.php\\\/2024\\\/06\\\/19\\\/notre-demarche\\\/#breadcrumb\"},\"inLanguage\":\"fr-FR\",\"potentialAction\":[{\"@type\":\"ReadAction\",\"target\":[\"https:\\\/\\\/lebonsensetlaseve.fr\\\/index.php\\\/2024\\\/06\\\/19\\\/notre-demarche\\\/\"]}]},{\"@type\":\"ImageObject\",\"inLanguage\":\"fr-FR\",\"@id\":\"https:\\\/\\\/lebonsensetlaseve.fr\\\/index.php\\\/2024\\\/06\\\/19\\\/notre-demarche\\\/#primaryimage\",\"url\":\"https:\\\/\\\/lebonsensetlaseve.fr\\\/wp-content\\\/uploads\\\/2024\\\/06\\\/Legumineuses-_-vegetaux-1.webp\",\"contentUrl\":\"https:\\\/\\\/lebonsensetlaseve.fr\\\/wp-content\\\/uploads\\\/2024\\\/06\\\/Legumineuses-_-vegetaux-1.webp\",\"width\":1890,\"height\":1260,\"caption\":\"l\u00e9gumineuses v\u00e9g\u00e9taux pour article 1\"},{\"@type\":\"BreadcrumbList\",\"@id\":\"https:\\\/\\\/lebonsensetlaseve.fr\\\/index.php\\\/2024\\\/06\\\/19\\\/notre-demarche\\\/#breadcrumb\",\"itemListElement\":[{\"@type\":\"ListItem\",\"position\":1,\"name\":\"Accueil\",\"item\":\"https:\\\/\\\/lebonsensetlaseve.fr\\\/\"},{\"@type\":\"ListItem\",\"position\":2,\"name\":\"Notre D\u00e9marche\"}]},{\"@type\":\"WebSite\",\"@id\":\"https:\\\/\\\/lebonsensetlaseve.fr\\\/#website\",\"url\":\"https:\\\/\\\/lebonsensetlaseve.fr\\\/\",\"name\":\"Le Bon Sens et La S\u00e8ve\",\"description\":\"Notre mission, vous r\u00e9galer sainement.\",\"publisher\":{\"@id\":\"https:\\\/\\\/lebonsensetlaseve.fr\\\/#organization\"},\"potentialAction\":[{\"@type\":\"SearchAction\",\"target\":{\"@type\":\"EntryPoint\",\"urlTemplate\":\"https:\\\/\\\/lebonsensetlaseve.fr\\\/?s={search_term_string}\"},\"query-input\":{\"@type\":\"PropertyValueSpecification\",\"valueRequired\":true,\"valueName\":\"search_term_string\"}}],\"inLanguage\":\"fr-FR\"},{\"@type\":\"Organization\",\"@id\":\"https:\\\/\\\/lebonsensetlaseve.fr\\\/#organization\",\"name\":\"Le Bon Sens et La S\u00e8ve\",\"url\":\"https:\\\/\\\/lebonsensetlaseve.fr\\\/\",\"logo\":{\"@type\":\"ImageObject\",\"inLanguage\":\"fr-FR\",\"@id\":\"https:\\\/\\\/lebonsensetlaseve.fr\\\/#\\\/schema\\\/logo\\\/image\\\/\",\"url\":\"https:\\\/\\\/lebonsensetlaseve.fr\\\/wp-content\\\/uploads\\\/2024\\\/05\\\/cropped-cropped-Design-sans-titre-2.png\",\"contentUrl\":\"https:\\\/\\\/lebonsensetlaseve.fr\\\/wp-content\\\/uploads\\\/2024\\\/05\\\/cropped-cropped-Design-sans-titre-2.png\",\"width\":512,\"height\":512,\"caption\":\"Le Bon Sens et La S\u00e8ve\"},\"image\":{\"@id\":\"https:\\\/\\\/lebonsensetlaseve.fr\\\/#\\\/schema\\\/logo\\\/image\\\/\"}},{\"@type\":\"Person\",\"@id\":\"https:\\\/\\\/lebonsensetlaseve.fr\\\/#\\\/schema\\\/person\\\/b5f196bed2d7f97e8e470389310700ea\",\"name\":\"Sandrine Dubessy\",\"image\":{\"@type\":\"ImageObject\",\"inLanguage\":\"fr-FR\",\"@id\":\"https:\\\/\\\/secure.gravatar.com\\\/avatar\\\/495d9b8adc8499a48e5f9e3dfdf1ed51b12ccf3823f37baabfe39cfa5e70dc0c?s=96&d=mm&r=g\",\"url\":\"https:\\\/\\\/secure.gravatar.com\\\/avatar\\\/495d9b8adc8499a48e5f9e3dfdf1ed51b12ccf3823f37baabfe39cfa5e70dc0c?s=96&d=mm&r=g\",\"contentUrl\":\"https:\\\/\\\/secure.gravatar.com\\\/avatar\\\/495d9b8adc8499a48e5f9e3dfdf1ed51b12ccf3823f37baabfe39cfa5e70dc0c?s=96&d=mm&r=g\",\"caption\":\"Sandrine Dubessy\"},\"sameAs\":[\"http:\\\/\\\/lebonsensetlaseve.fr\\\/\"],\"url\":\"https:\\\/\\\/lebonsensetlaseve.fr\\\/index.php\\\/author\\\/sandrine\\\/\"}]}<\/script>\n<!-- \/ Yoast SEO plugin. -->","yoast_head_json":{"title":"Notre D\u00e9marche - Le Bon Sens et La S\u00e8ve","description":"La prot\u00e9ine v\u00e9g\u00e9tale est une une composante essentielle d\u2019une alimentation \u00e9quilibr\u00e9e et une excellente alternative aux prot\u00e9ines animales","robots":{"index":"index","follow":"follow","max-snippet":"max-snippet:-1","max-image-preview":"max-image-preview:large","max-video-preview":"max-video-preview:-1"},"canonical":"https:\/\/lebonsensetlaseve.fr\/index.php\/2024\/06\/19\/notre-demarche\/","og_locale":"fr_FR","og_type":"article","og_title":"Notre D\u00e9marche - Le Bon Sens et La S\u00e8ve","og_description":"La prot\u00e9ine v\u00e9g\u00e9tale est une une composante essentielle d\u2019une alimentation \u00e9quilibr\u00e9e et une excellente alternative aux prot\u00e9ines animales","og_url":"https:\/\/lebonsensetlaseve.fr\/index.php\/2024\/06\/19\/notre-demarche\/","og_site_name":"Le Bon Sens et La S\u00e8ve","article_published_time":"2024-06-19T14:11:33+00:00","article_modified_time":"2025-03-06T10:58:34+00:00","og_image":[{"width":1890,"height":1260,"url":"http:\/\/lebonsensetlaseve.fr\/wp-content\/uploads\/2024\/06\/Legumineuses-_-vegetaux-1.webp","type":"image\/webp"}],"author":"Sandrine Dubessy","twitter_card":"summary_large_image","twitter_misc":{"\u00c9crit par":"Sandrine Dubessy","Dur\u00e9e de lecture estim\u00e9e":"5 minutes"},"schema":{"@context":"https:\/\/schema.org","@graph":[{"@type":"Article","@id":"https:\/\/lebonsensetlaseve.fr\/index.php\/2024\/06\/19\/notre-demarche\/#article","isPartOf":{"@id":"https:\/\/lebonsensetlaseve.fr\/index.php\/2024\/06\/19\/notre-demarche\/"},"author":{"name":"Sandrine Dubessy","@id":"https:\/\/lebonsensetlaseve.fr\/#\/schema\/person\/b5f196bed2d7f97e8e470389310700ea"},"headline":"Notre D\u00e9marche","datePublished":"2024-06-19T14:11:33+00:00","dateModified":"2025-03-06T10:58:34+00:00","mainEntityOfPage":{"@id":"https:\/\/lebonsensetlaseve.fr\/index.php\/2024\/06\/19\/notre-demarche\/"},"wordCount":868,"publisher":{"@id":"https:\/\/lebonsensetlaseve.fr\/#organization"},"image":{"@id":"https:\/\/lebonsensetlaseve.fr\/index.php\/2024\/06\/19\/notre-demarche\/#primaryimage"},"thumbnailUrl":"https:\/\/lebonsensetlaseve.fr\/wp-content\/uploads\/2024\/06\/Legumineuses-_-vegetaux-1.webp","articleSection":["Uncategorized"],"inLanguage":"fr-FR"},{"@type":"WebPage","@id":"https:\/\/lebonsensetlaseve.fr\/index.php\/2024\/06\/19\/notre-demarche\/","url":"https:\/\/lebonsensetlaseve.fr\/index.php\/2024\/06\/19\/notre-demarche\/","name":"Notre D\u00e9marche - Le Bon Sens et La S\u00e8ve","isPartOf":{"@id":"https:\/\/lebonsensetlaseve.fr\/#website"},"primaryImageOfPage":{"@id":"https:\/\/lebonsensetlaseve.fr\/index.php\/2024\/06\/19\/notre-demarche\/#primaryimage"},"image":{"@id":"https:\/\/lebonsensetlaseve.fr\/index.php\/2024\/06\/19\/notre-demarche\/#primaryimage"},"thumbnailUrl":"https:\/\/lebonsensetlaseve.fr\/wp-content\/uploads\/2024\/06\/Legumineuses-_-vegetaux-1.webp","datePublished":"2024-06-19T14:11:33+00:00","dateModified":"2025-03-06T10:58:34+00:00","description":"La prot\u00e9ine v\u00e9g\u00e9tale est une une composante essentielle d\u2019une alimentation \u00e9quilibr\u00e9e et une excellente alternative aux prot\u00e9ines animales","breadcrumb":{"@id":"https:\/\/lebonsensetlaseve.fr\/index.php\/2024\/06\/19\/notre-demarche\/#breadcrumb"},"inLanguage":"fr-FR","potentialAction":[{"@type":"ReadAction","target":["https:\/\/lebonsensetlaseve.fr\/index.php\/2024\/06\/19\/notre-demarche\/"]}]},{"@type":"ImageObject","inLanguage":"fr-FR","@id":"https:\/\/lebonsensetlaseve.fr\/index.php\/2024\/06\/19\/notre-demarche\/#primaryimage","url":"https:\/\/lebonsensetlaseve.fr\/wp-content\/uploads\/2024\/06\/Legumineuses-_-vegetaux-1.webp","contentUrl":"https:\/\/lebonsensetlaseve.fr\/wp-content\/uploads\/2024\/06\/Legumineuses-_-vegetaux-1.webp","width":1890,"height":1260,"caption":"l\u00e9gumineuses v\u00e9g\u00e9taux pour article 1"},{"@type":"BreadcrumbList","@id":"https:\/\/lebonsensetlaseve.fr\/index.php\/2024\/06\/19\/notre-demarche\/#breadcrumb","itemListElement":[{"@type":"ListItem","position":1,"name":"Accueil","item":"https:\/\/lebonsensetlaseve.fr\/"},{"@type":"ListItem","position":2,"name":"Notre D\u00e9marche"}]},{"@type":"WebSite","@id":"https:\/\/lebonsensetlaseve.fr\/#website","url":"https:\/\/lebonsensetlaseve.fr\/","name":"Le Bon Sens et La S\u00e8ve","description":"Notre mission, vous r\u00e9galer sainement.","publisher":{"@id":"https:\/\/lebonsensetlaseve.fr\/#organization"},"potentialAction":[{"@type":"SearchAction","target":{"@type":"EntryPoint","urlTemplate":"https:\/\/lebonsensetlaseve.fr\/?s={search_term_string}"},"query-input":{"@type":"PropertyValueSpecification","valueRequired":true,"valueName":"search_term_string"}}],"inLanguage":"fr-FR"},{"@type":"Organization","@id":"https:\/\/lebonsensetlaseve.fr\/#organization","name":"Le Bon Sens et La S\u00e8ve","url":"https:\/\/lebonsensetlaseve.fr\/","logo":{"@type":"ImageObject","inLanguage":"fr-FR","@id":"https:\/\/lebonsensetlaseve.fr\/#\/schema\/logo\/image\/","url":"https:\/\/lebonsensetlaseve.fr\/wp-content\/uploads\/2024\/05\/cropped-cropped-Design-sans-titre-2.png","contentUrl":"https:\/\/lebonsensetlaseve.fr\/wp-content\/uploads\/2024\/05\/cropped-cropped-Design-sans-titre-2.png","width":512,"height":512,"caption":"Le Bon Sens et La S\u00e8ve"},"image":{"@id":"https:\/\/lebonsensetlaseve.fr\/#\/schema\/logo\/image\/"}},{"@type":"Person","@id":"https:\/\/lebonsensetlaseve.fr\/#\/schema\/person\/b5f196bed2d7f97e8e470389310700ea","name":"Sandrine Dubessy","image":{"@type":"ImageObject","inLanguage":"fr-FR","@id":"https:\/\/secure.gravatar.com\/avatar\/495d9b8adc8499a48e5f9e3dfdf1ed51b12ccf3823f37baabfe39cfa5e70dc0c?s=96&d=mm&r=g","url":"https:\/\/secure.gravatar.com\/avatar\/495d9b8adc8499a48e5f9e3dfdf1ed51b12ccf3823f37baabfe39cfa5e70dc0c?s=96&d=mm&r=g","contentUrl":"https:\/\/secure.gravatar.com\/avatar\/495d9b8adc8499a48e5f9e3dfdf1ed51b12ccf3823f37baabfe39cfa5e70dc0c?s=96&d=mm&r=g","caption":"Sandrine Dubessy"},"sameAs":["http:\/\/lebonsensetlaseve.fr\/"],"url":"https:\/\/lebonsensetlaseve.fr\/index.php\/author\/sandrine\/"}]}},"_links":{"self":[{"href":"https:\/\/lebonsensetlaseve.fr\/index.php\/wp-json\/wp\/v2\/posts\/1446","targetHints":{"allow":["GET"]}}],"collection":[{"href":"https:\/\/lebonsensetlaseve.fr\/index.php\/wp-json\/wp\/v2\/posts"}],"about":[{"href":"https:\/\/lebonsensetlaseve.fr\/index.php\/wp-json\/wp\/v2\/types\/post"}],"author":[{"embeddable":true,"href":"https:\/\/lebonsensetlaseve.fr\/index.php\/wp-json\/wp\/v2\/users\/2"}],"replies":[{"embeddable":true,"href":"https:\/\/lebonsensetlaseve.fr\/index.php\/wp-json\/wp\/v2\/comments?post=1446"}],"version-history":[{"count":35,"href":"https:\/\/lebonsensetlaseve.fr\/index.php\/wp-json\/wp\/v2\/posts\/1446\/revisions"}],"predecessor-version":[{"id":1865,"href":"https:\/\/lebonsensetlaseve.fr\/index.php\/wp-json\/wp\/v2\/posts\/1446\/revisions\/1865"}],"wp:featuredmedia":[{"embeddable":true,"href":"https:\/\/lebonsensetlaseve.fr\/index.php\/wp-json\/wp\/v2\/media\/1136"}],"wp:attachment":[{"href":"https:\/\/lebonsensetlaseve.fr\/index.php\/wp-json\/wp\/v2\/media?parent=1446"}],"wp:term":[{"taxonomy":"category","embeddable":true,"href":"https:\/\/lebonsensetlaseve.fr\/index.php\/wp-json\/wp\/v2\/categories?post=1446"},{"taxonomy":"post_tag","embeddable":true,"href":"https:\/\/lebonsensetlaseve.fr\/index.php\/wp-json\/wp\/v2\/tags?post=1446"}],"curies":[{"name":"wp","href":"https:\/\/api.w.org\/{rel}","templated":true}]}}